{"id":1368,"date":"2018-11-29T12:17:29","date_gmt":"2018-11-29T11:17:29","guid":{"rendered":"https:\/\/www.jankovits.hu\/uncategorized\/uj-uzemcsarnokot-avattunk\/"},"modified":"2019-05-23T11:49:14","modified_gmt":"2019-05-23T09:49:14","slug":"new-production-hall-at-jankovits-engineering","status":"publish","type":"post","link":"https:\/\/www.jankovits.hu\/en\/news\/new-production-hall-at-jankovits-engineering\/","title":{"rendered":"New production hall at Jankovits Engineering"},"content":{"rendered":"<p><strong>2018. november 28-\u00e1n d\u00e9lel\u0151tt felavattuk a Jankovits Engineering Kft. \u00faj \u00fczemcsarnok\u00e1t. Az \u00fcnneps\u00e9gen Dr. Jankovits Rich\u00e1rd \u00fcgyvezet\u0151 k\u00f6sz\u00f6nt\u00f6tte a r\u00e9sztvev\u0151ket, valamint Simon R\u00f3bert Bal\u00e1zs orsz\u00e1ggy\u0171l\u00e9si k\u00e9pvisel\u0151, Borkai Zsolt polg\u00e1rmester, \u00e9s Szab\u00f3 Istv\u00e1n Attila az EXIM vez\u00e9rigazgat\u00f3-helyettese mondott besz\u00e9det. Ezt k\u00f6vet\u0151en a r\u00e9sztvev\u0151k egy k\u00f6z\u00f6s szalag\u00e1tv\u00e1g\u00e1ssal avatt\u00e1k fel az \u00faj \u00fczemcsarnokot.<\/strong><\/p>\n<p><!--more--><\/p>\n<p>A most felavat\u00e1sra ker\u00fclt 750 m\u00b2-es \u00fczemcsarnok \u00e9s a 3 szintes, szintenk\u00e9nt 300 m\u00b2-es iroda\u00e9p\u00fclet az EXIM Bankt\u00f3l, az Oberbank k\u00f6zrem\u0171k\u00f6d\u00e9s\u00e9vel felvett versenyk\u00e9pess\u00e9g jav\u00edt\u00f3 belf\u00f6ldi beruh\u00e1z\u00e1si hitelb\u0151l ker\u00fclt megval\u00f3s\u00edt\u00e1sra.<\/p>\n<p>A beruh\u00e1z\u00e1s r\u00e9sz\u00e9t k\u00e9pezi az \u00fczemcsarnokba be\u00e9p\u00edt\u00e9sre ker\u00fclt 6,3 tonn\u00e1s h\u00edddaru, melynek vez\u00e9rl\u00e9s\u00e9vel a csarnokon bel\u00fcli t\u00f6bbir\u00e1ny\u00fa finommozgat\u00e1sok v\u00e1lnak lehet\u0151v\u00e9, a piacon m\u00e9g \u00fajdons\u00e1gnak sz\u00e1m\u00edt\u00f3 k\u00fcl\u00f6nb\u00f6z\u0151 tesztel\u00e9sekre \u00e9s m\u00e9r\u00e9sekre haszn\u00e1lhat\u00f3 kamer\u00e1b\u00f3l \u00e9s optikai rendszerekb\u0151l \u00e1ll\u00f3 vizu\u00e1lis ellen\u0151rz\u0151 rendszer, de a k\u00f6rnyezetbar\u00e1t, energiatakar\u00e9kos vil\u00e1g\u00edt\u00e1s, a k\u00f6zponti kl\u00edmarendszer, az \u00fcvegsz\u00e1las optik\u00e1val tov\u00e1bb b\u0151v\u00edtett informatikai h\u00e1l\u00f3zat vagy egy modern csavarkompresszor be\u00e9p\u00edt\u00e9se is.<\/p>\n<p><strong>Dr. Jankovits Rich\u00e1rd<\/strong>, a Jankovits Engineering Kft. \u00fcgyvezet\u0151je k\u00f6sz\u00f6nt\u0151j\u00e9ben kiemelte, hogy a mostani megnyit\u00f3 egy fontos m\u00e9rf\u00f6ldk\u0151, egyben egy \u00faj szakasz kezdete a c\u00e9g \u00e9let\u00e9ben. Az \u00fcgyvezet\u0151 elmondta: <em>\u201eAmikor d\u00f6nt\u00e9s sz\u00fcletett a beruh\u00e1z\u00e1sr\u00f3l, m\u00e9g szinte el\u0151jele sem volt azoknak a megrendel\u00e9seknek, melynek eredm\u00e9nyek\u00e9nt ezeket a g\u00e9peket l\u00e1thatjuk itt k\u00f6r\u00fcl\u00f6tt\u00fcnk. De b\u00edztunk abban, hogy a komplex m\u00e9rn\u00f6ki munka, a hozz\u00e1adott \u00e9rt\u00e9k elengedhetetlen az \u00e1ltalunk m\u0171velt g\u00e9pgy\u00e1rt\u00e1shoz, automatiz\u00e1l\u00e1shoz. S ma ott tartunk, hogy az \u00e1ltalunk vil\u00e1gc\u00e9gek sz\u00e1m\u00e1ra gy\u00e1rtott g\u00e9pek, berendez\u00e9sek szinte bet\u00f6ltik az \u00faj csarnokunkat.\u201d<\/em><\/p>\n<p><strong>Simon R\u00f3bert Bal\u00e1zs<\/strong>, Gy\u0151r orsz\u00e1ggy\u0171l\u00e9si k\u00e9pvisel\u0151je elismer\u00e9s\u00e9t fejezte ki a Jankovits Engineering Kft. alap\u00edt\u00f3 tulajdonosainak.<em> Hozz\u00e1tette \u201eAz 1992-ben csal\u00e1di v\u00e1llalkoz\u00e1sk\u00e9nt indul\u00f3 c\u00e9g 5 \u00e9vvel k\u00e9s\u0151bb az els\u0151 magyar betelep\u00fcl\u0151 v\u00e1llalkoz\u00e1s volt a Gy\u0151ri Nemzetk\u00f6zi Ipari Parkban. A t\u00e1rsas\u00e1g tev\u00e9kenys\u00e9g\u00e9t a folyamatos fejl\u0151d\u00e9s \u00e9s a min\u0151s\u00e9gi term\u00e9kgy\u00e1rt\u00e1s jellemzi, ahol ma m\u00e1r 80 f\u0151t foglalkoztatnak. Siker\u00fck h\u00e1rom titka pedig nem m\u00e1s, mint a kitart\u00e1s, a megfontolts\u00e1g \u00e9s magas szint\u0171 szakmai tud\u00e1s.\u201d<\/em><\/p>\n<p><strong>Borkai Zsolt<\/strong>, Gy\u0151r polg\u00e1rmestere besz\u00e9d\u00e9ben hangs\u00falyozta: \u201e<em>A gy\u0151ri \u00f6nkorm\u00e1nyzat d\u00f6nt\u00e9seivel igyekszik folyamatosan vonz\u00f3 gazdas\u00e1gi k\u00f6rnyezetet biztos\u00edtani, t\u00f6bbek k\u00f6z\u00f6tt az ipar\u0171z\u00e9si ad\u00f3 cs\u00f6kkent\u00e9s\u00e9vel, az ipari park b\u0151v\u00edt\u00e9s\u00e9vel \u00e9s infrastrukt\u00far\u00e1j\u00e1nak fejleszt\u00e9s\u00e9vel.\u201d <\/em>A polg\u00e1rmester hozz\u00e1tette: \u201e<em>Az \u00faj csarnok olyan munkafolyamatokra ad lehet\u0151s\u00e9get, amely a partnerek m\u00e9g sokr\u00e9t\u0171bb kiszolg\u00e1l\u00e1s\u00e1t, ezzel egy\u00fctt a c\u00e9g tov\u00e1bbi er\u0151s\u00f6d\u00e9s\u00e9t is szolg\u00e1lja, mely Gy\u0151r dinamikus fejl\u0151d\u00e9s\u00e9hez j\u00e1rul hozz\u00e1.\u201d<\/em><\/p>\n<p><strong>Szab\u00f3 Istv\u00e1n Attila<\/strong>, az EXIM vez\u00e9rigazgat\u00f3-helyettese k\u00f6sz\u00f6nt\u0151j\u00e9ben kiemelte: <em>\u201eAz \u00e1tad\u00e1sra ker\u00fcl\u0151 csarnok az EXIM \u00e9s az Oberbank k\u00f6zrem\u0171k\u00f6d\u00e9s\u00e9vel felvett 1,5 milli\u00f3 eur\u00f3 \u00e9rt\u00e9k\u0171 versenyk\u00e9pess\u00e9get jav\u00edt\u00f3 belf\u00f6ldi hitelb\u0151l ker\u00fclt megval\u00f3s\u00edt\u00e1sra. A c\u00e9g \u00e1rbev\u00e9tele id\u00e9n meghaladja a 2 milli\u00e1rd forintot, ami k\u00f6zel 30%-os b\u0151v\u00fcl\u00e9st jelent a tavalyi \u00e9vhez k\u00e9pest. Az EXIM f\u0151 c\u00e9lja, hogy olyan &#8211; a Jankovits Engineering Kft-hez hasonl\u00f3 &#8211; hazai piacon meger\u0151s\u00f6d\u0151 kkv-kat t\u00e1mogasson az exportpiacokra val\u00f3 kil\u00e9p\u00e9sben, melyek hozz\u00e1j\u00e1rulnak haz\u00e1nk nemzetk\u00f6zi versenyk\u00e9pess\u00e9g\u00e9nek n\u00f6veked\u00e9s\u00e9hez.\u201d<\/em><\/p>\n<p>Az esem\u00e9ny a c\u00e9g negyed \u00e9vsz\u00e1zados m\u0171k\u00f6d\u00e9s\u00e9ben m\u00e9rf\u00f6ldk\u0151, mely rem\u00e9nyeink szerint szimb\u00f3luma lesz a v\u00e1llalat k\u00f6vetkez\u0151 25 \u00e9v sikeres m\u0171k\u00f6d\u00e9s\u00e9nek is.<\/p>\n<p><strong>Az avat\u00f3 \u00fcnneps\u00e9gr\u0151l k\u00e9sz\u00fclt tud\u00f3s\u00edt\u00e1sokatt itt tekinthetik meg:<\/strong><\/p>\n<p><a href=\"https:\/\/www.vg.hu\/vallalatok\/ipar\/felavattak-a-jankovits-engineering-uzemcsarnokat-1226347\/\">https:\/\/www.vg.hu\/vallalatok\/ipar\/felavattak-a-jankovits-engineering-uzemcsarnokat-1226347\/<\/a><\/p>\n<p><a href=\"http:\/\/www.hircity.hu\/gazdasag\/ipari-park\/jankovits-engineering-uj-csarnokot-avattak-video\">http:\/\/www.hircity.hu\/gazdasag\/ipari-park\/jankovits-engineering-uj-csarnokot-avattak-video<\/a><\/p>\n<p><a href=\"https:\/\/o2hir.hu\/tovabb-bovult-az-uzem\/\">https:\/\/o2hir.hu\/tovabb-bovult-az-uzem\/<\/a><\/p>\n<p><a href=\"http:\/\/tv.gyorplusz.hu\/cikk\/uj-csarnok-es-irodaepulet-felmilliardbol.html\">http:\/\/tv.gyorplusz.hu\/cikk\/uj-csarnok-es-irodaepulet-felmilliardbol.html<\/a><\/p>\n<p><a href=\"http:\/\/gyorplusz.hu\/cikk\/uj_uzemcsarnokot_avatott_a_jankovits_kft.html\">http:\/\/gyorplusz.hu\/cikk\/uj_uzemcsarnokot_avatott_a_jankovits_kft.html<\/a><\/p>\n","protected":false},"excerpt":{"rendered":"<p>2018. november 28-\u00e1n d\u00e9lel\u0151tt felavattuk a Jankovits Engineering Kft. \u00faj \u00fczemcsarnok\u00e1t. Az \u00fcnneps\u00e9gen Dr. Jankovits Rich\u00e1rd \u00fcgyvezet\u0151 k\u00f6sz\u00f6nt\u00f6tte a r\u00e9sztvev\u0151ket, valamint Simon R\u00f3bert Bal\u00e1zs orsz\u00e1ggy\u0171l\u00e9si k\u00e9pvisel\u0151, Borkai Zsolt polg\u00e1rmester, \u00e9s Szab\u00f3 Istv\u00e1n Attila az EXIM vez\u00e9rigazgat\u00f3-helyettese mondott besz\u00e9det. Ezt k\u00f6vet\u0151en \u2026<\/p>\n<p><a class=\"button text-no-hollow\" href=\"https:\/\/www.jankovits.hu\/en\/news\/new-production-hall-at-jankovits-engineering\/\" rel=\"nofollow\">Read More<\/a><\/p>\n","protected":false},"author":1,"featured_media":1181,"comment_status":"closed","ping_status":"closed","sticky":false,"template":"","format":"standard","meta":{"footnotes":""},"categories":[39],"tags":[],"class_list":["post-1368","post","type-post","status-publish","format-standard","has-post-thumbnail","hentry","category-news"],"yoast_head":"<!-- This site is optimized with the Yoast SEO plugin v27.5 - https:\/\/yoast.com\/product\/yoast-seo-wordpress\/ -->\n<title>New production hall at Jankovits Engineering - Jankovits Engineering<\/title>\n<meta name=\"robots\" content=\"index, follow, max-snippet:-1, max-image-preview:large, max-video-preview:-1\" \/>\n<link rel=\"canonical\" href=\"https:\/\/www.jankovits.hu\/en\/news\/new-production-hall-at-jankovits-engineering\/\" \/>\n<meta property=\"og:locale\" content=\"en_US\" \/>\n<meta property=\"og:type\" content=\"article\" \/>\n<meta property=\"og:title\" content=\"New production hall at Jankovits Engineering - Jankovits Engineering\" \/>\n<meta property=\"og:description\" content=\"2018. november 28-\u00e1n d\u00e9lel\u0151tt felavattuk a Jankovits Engineering Kft. \u00faj \u00fczemcsarnok\u00e1t. Az \u00fcnneps\u00e9gen Dr. Jankovits Rich\u00e1rd \u00fcgyvezet\u0151 k\u00f6sz\u00f6nt\u00f6tte a r\u00e9sztvev\u0151ket, valamint Simon R\u00f3bert Bal\u00e1zs orsz\u00e1ggy\u0171l\u00e9si k\u00e9pvisel\u0151, Borkai Zsolt polg\u00e1rmester, \u00e9s Szab\u00f3 Istv\u00e1n Attila az EXIM vez\u00e9rigazgat\u00f3-helyettese mondott besz\u00e9det. Ezt k\u00f6vet\u0151en \u2026Read More\" \/>\n<meta property=\"og:url\" content=\"https:\/\/www.jankovits.hu\/en\/news\/new-production-hall-at-jankovits-engineering\/\" \/>\n<meta property=\"og:site_name\" content=\"Jankovits Engineering\" \/>\n<meta property=\"article:publisher\" content=\"https:\/\/www.facebook.com\/jankovitsengineering\/\" \/>\n<meta property=\"article:published_time\" content=\"2018-11-29T11:17:29+00:00\" \/>\n<meta property=\"article:modified_time\" content=\"2019-05-23T09:49:14+00:00\" \/>\n<meta property=\"og:image\" content=\"https:\/\/www.jankovits.hu\/wp-content\/uploads\/2018\/12\/ad1613cb.jpg\" \/>\n\t<meta property=\"og:image:width\" content=\"800\" \/>\n\t<meta property=\"og:image:height\" content=\"533\" \/>\n\t<meta property=\"og:image:type\" content=\"image\/jpeg\" \/>\n<meta name=\"author\" content=\"Bajai K\u00e1roly\" \/>\n<meta name=\"twitter:card\" content=\"summary_large_image\" \/>\n<meta name=\"twitter:label1\" content=\"Written by\" \/>\n\t<meta name=\"twitter:data1\" content=\"Bajai K\u00e1roly\" \/>\n\t<meta name=\"twitter:label2\" content=\"Est. reading time\" \/>\n\t<meta name=\"twitter:data2\" content=\"4 minutes\" \/>\n<script type=\"application\/ld+json\" class=\"yoast-schema-graph\">{\"@context\":\"https:\\\/\\\/schema.org\",\"@graph\":[{\"@type\":\"Article\",\"@id\":\"https:\\\/\\\/www.jankovits.hu\\\/en\\\/news\\\/new-production-hall-at-jankovits-engineering\\\/#article\",\"isPartOf\":{\"@id\":\"https:\\\/\\\/www.jankovits.hu\\\/en\\\/news\\\/new-production-hall-at-jankovits-engineering\\\/\"},\"author\":{\"name\":\"Bajai K\u00e1roly\",\"@id\":\"https:\\\/\\\/www.jankovits.hu\\\/en\\\/#\\\/schema\\\/person\\\/4de82b39006144455afaf7e80a368f9b\"},\"headline\":\"New production hall at Jankovits Engineering\",\"datePublished\":\"2018-11-29T11:17:29+00:00\",\"dateModified\":\"2019-05-23T09:49:14+00:00\",\"mainEntityOfPage\":{\"@id\":\"https:\\\/\\\/www.jankovits.hu\\\/en\\\/news\\\/new-production-hall-at-jankovits-engineering\\\/\"},\"wordCount\":811,\"publisher\":{\"@id\":\"https:\\\/\\\/www.jankovits.hu\\\/en\\\/#organization\"},\"image\":{\"@id\":\"https:\\\/\\\/www.jankovits.hu\\\/en\\\/news\\\/new-production-hall-at-jankovits-engineering\\\/#primaryimage\"},\"thumbnailUrl\":\"https:\\\/\\\/www.jankovits.hu\\\/wp-content\\\/uploads\\\/2018\\\/12\\\/ad1613cb.jpg\",\"articleSection\":[\"News\"],\"inLanguage\":\"en-US\"},{\"@type\":\"WebPage\",\"@id\":\"https:\\\/\\\/www.jankovits.hu\\\/en\\\/news\\\/new-production-hall-at-jankovits-engineering\\\/\",\"url\":\"https:\\\/\\\/www.jankovits.hu\\\/en\\\/news\\\/new-production-hall-at-jankovits-engineering\\\/\",\"name\":\"New production hall at Jankovits Engineering - Jankovits Engineering\",\"isPartOf\":{\"@id\":\"https:\\\/\\\/www.jankovits.hu\\\/en\\\/#website\"},\"primaryImageOfPage\":{\"@id\":\"https:\\\/\\\/www.jankovits.hu\\\/en\\\/news\\\/new-production-hall-at-jankovits-engineering\\\/#primaryimage\"},\"image\":{\"@id\":\"https:\\\/\\\/www.jankovits.hu\\\/en\\\/news\\\/new-production-hall-at-jankovits-engineering\\\/#primaryimage\"},\"thumbnailUrl\":\"https:\\\/\\\/www.jankovits.hu\\\/wp-content\\\/uploads\\\/2018\\\/12\\\/ad1613cb.jpg\",\"datePublished\":\"2018-11-29T11:17:29+00:00\",\"dateModified\":\"2019-05-23T09:49:14+00:00\",\"breadcrumb\":{\"@id\":\"https:\\\/\\\/www.jankovits.hu\\\/en\\\/news\\\/new-production-hall-at-jankovits-engineering\\\/#breadcrumb\"},\"inLanguage\":\"en-US\",\"potentialAction\":[{\"@type\":\"ReadAction\",\"target\":[\"https:\\\/\\\/www.jankovits.hu\\\/en\\\/news\\\/new-production-hall-at-jankovits-engineering\\\/\"]}]},{\"@type\":\"ImageObject\",\"inLanguage\":\"en-US\",\"@id\":\"https:\\\/\\\/www.jankovits.hu\\\/en\\\/news\\\/new-production-hall-at-jankovits-engineering\\\/#primaryimage\",\"url\":\"https:\\\/\\\/www.jankovits.hu\\\/wp-content\\\/uploads\\\/2018\\\/12\\\/ad1613cb.jpg\",\"contentUrl\":\"https:\\\/\\\/www.jankovits.hu\\\/wp-content\\\/uploads\\\/2018\\\/12\\\/ad1613cb.jpg\",\"width\":800,\"height\":533},{\"@type\":\"BreadcrumbList\",\"@id\":\"https:\\\/\\\/www.jankovits.hu\\\/en\\\/news\\\/new-production-hall-at-jankovits-engineering\\\/#breadcrumb\",\"itemListElement\":[{\"@type\":\"ListItem\",\"position\":1,\"name\":\"F\u0151oldal\",\"item\":\"https:\\\/\\\/www.jankovits.hu\\\/en\\\/\"},{\"@type\":\"ListItem\",\"position\":2,\"name\":\"News\",\"item\":\"https:\\\/\\\/www.jankovits.hu\\\/en\\\/news\\\/\"},{\"@type\":\"ListItem\",\"position\":3,\"name\":\"New production hall at Jankovits Engineering\"}]},{\"@type\":\"WebSite\",\"@id\":\"https:\\\/\\\/www.jankovits.hu\\\/en\\\/#website\",\"url\":\"https:\\\/\\\/www.jankovits.hu\\\/en\\\/\",\"name\":\"Jankovits Engineering\",\"description\":\"...\u00e9s az \u00f6tlet m\u0171k\u00f6dik.\",\"publisher\":{\"@id\":\"https:\\\/\\\/www.jankovits.hu\\\/en\\\/#organization\"},\"potentialAction\":[{\"@type\":\"SearchAction\",\"target\":{\"@type\":\"EntryPoint\",\"urlTemplate\":\"https:\\\/\\\/www.jankovits.hu\\\/en\\\/?s={search_term_string}\"},\"query-input\":{\"@type\":\"PropertyValueSpecification\",\"valueRequired\":true,\"valueName\":\"search_term_string\"}}],\"inLanguage\":\"en-US\"},{\"@type\":\"Organization\",\"@id\":\"https:\\\/\\\/www.jankovits.hu\\\/en\\\/#organization\",\"name\":\"Jankovits Engineering Kft.\",\"url\":\"https:\\\/\\\/www.jankovits.hu\\\/en\\\/\",\"logo\":{\"@type\":\"ImageObject\",\"inLanguage\":\"en-US\",\"@id\":\"https:\\\/\\\/www.jankovits.hu\\\/en\\\/#\\\/schema\\\/logo\\\/image\\\/\",\"url\":\"https:\\\/\\\/www.jankovits.hu\\\/wp-content\\\/uploads\\\/2017\\\/06\\\/70902612.jpg\",\"contentUrl\":\"https:\\\/\\\/www.jankovits.hu\\\/wp-content\\\/uploads\\\/2017\\\/06\\\/70902612.jpg\",\"width\":640,\"height\":426,\"caption\":\"Jankovits Engineering Kft.\"},\"image\":{\"@id\":\"https:\\\/\\\/www.jankovits.hu\\\/en\\\/#\\\/schema\\\/logo\\\/image\\\/\"},\"sameAs\":[\"https:\\\/\\\/www.facebook.com\\\/jankovitsengineering\\\/\",\"https:\\\/\\\/www.linkedin.com\\\/company\\\/jankovitsengineering\",\"https:\\\/\\\/www.youtube.com\\\/channel\\\/UCLlfwpLUTCnolx27lIAS7kQ\\\/videos\"]},{\"@type\":\"Person\",\"@id\":\"https:\\\/\\\/www.jankovits.hu\\\/en\\\/#\\\/schema\\\/person\\\/4de82b39006144455afaf7e80a368f9b\",\"name\":\"Bajai K\u00e1roly\",\"image\":{\"@type\":\"ImageObject\",\"inLanguage\":\"en-US\",\"@id\":\"https:\\\/\\\/secure.gravatar.com\\\/avatar\\\/b5fab5885d2c2ea45ff975f919826e5168bb7e5cfc0d260e8011393cfb2848b6?s=96&d=mm&r=g\",\"url\":\"https:\\\/\\\/secure.gravatar.com\\\/avatar\\\/b5fab5885d2c2ea45ff975f919826e5168bb7e5cfc0d260e8011393cfb2848b6?s=96&d=mm&r=g\",\"contentUrl\":\"https:\\\/\\\/secure.gravatar.com\\\/avatar\\\/b5fab5885d2c2ea45ff975f919826e5168bb7e5cfc0d260e8011393cfb2848b6?s=96&d=mm&r=g\",\"caption\":\"Bajai K\u00e1roly\"},\"description\":\"WordPress weboldalak fejleszt\u00e9s\u00e9vel foglalkozom. PSD-b\u0151l reszponz\u00edv WordPress sablon k\u00e9sz\u00edt\u00e9se, WooCommerce webshop fejleszt\u00e9se \u00e9s html5 bannerek k\u00e9sz\u00edt\u00e9se.\",\"sameAs\":[\"http:\\\/\\\/divid.hu\"]}]}<\/script>\n<!-- \/ Yoast SEO plugin. -->","yoast_head_json":{"title":"New production hall at Jankovits Engineering - Jankovits Engineering","robots":{"index":"index","follow":"follow","max-snippet":"max-snippet:-1","max-image-preview":"max-image-preview:large","max-video-preview":"max-video-preview:-1"},"canonical":"https:\/\/www.jankovits.hu\/en\/news\/new-production-hall-at-jankovits-engineering\/","og_locale":"en_US","og_type":"article","og_title":"New production hall at Jankovits Engineering - Jankovits Engineering","og_description":"2018. november 28-\u00e1n d\u00e9lel\u0151tt felavattuk a Jankovits Engineering Kft. \u00faj \u00fczemcsarnok\u00e1t. Az \u00fcnneps\u00e9gen Dr. Jankovits Rich\u00e1rd \u00fcgyvezet\u0151 k\u00f6sz\u00f6nt\u00f6tte a r\u00e9sztvev\u0151ket, valamint Simon R\u00f3bert Bal\u00e1zs orsz\u00e1ggy\u0171l\u00e9si k\u00e9pvisel\u0151, Borkai Zsolt polg\u00e1rmester, \u00e9s Szab\u00f3 Istv\u00e1n Attila az EXIM vez\u00e9rigazgat\u00f3-helyettese mondott besz\u00e9det. Ezt k\u00f6vet\u0151en \u2026Read More","og_url":"https:\/\/www.jankovits.hu\/en\/news\/new-production-hall-at-jankovits-engineering\/","og_site_name":"Jankovits Engineering","article_publisher":"https:\/\/www.facebook.com\/jankovitsengineering\/","article_published_time":"2018-11-29T11:17:29+00:00","article_modified_time":"2019-05-23T09:49:14+00:00","og_image":[{"width":800,"height":533,"url":"https:\/\/www.jankovits.hu\/wp-content\/uploads\/2018\/12\/ad1613cb.jpg","type":"image\/jpeg"}],"author":"Bajai K\u00e1roly","twitter_card":"summary_large_image","twitter_misc":{"Written by":"Bajai K\u00e1roly","Est. reading time":"4 minutes"},"schema":{"@context":"https:\/\/schema.org","@graph":[{"@type":"Article","@id":"https:\/\/www.jankovits.hu\/en\/news\/new-production-hall-at-jankovits-engineering\/#article","isPartOf":{"@id":"https:\/\/www.jankovits.hu\/en\/news\/new-production-hall-at-jankovits-engineering\/"},"author":{"name":"Bajai K\u00e1roly","@id":"https:\/\/www.jankovits.hu\/en\/#\/schema\/person\/4de82b39006144455afaf7e80a368f9b"},"headline":"New production hall at Jankovits Engineering","datePublished":"2018-11-29T11:17:29+00:00","dateModified":"2019-05-23T09:49:14+00:00","mainEntityOfPage":{"@id":"https:\/\/www.jankovits.hu\/en\/news\/new-production-hall-at-jankovits-engineering\/"},"wordCount":811,"publisher":{"@id":"https:\/\/www.jankovits.hu\/en\/#organization"},"image":{"@id":"https:\/\/www.jankovits.hu\/en\/news\/new-production-hall-at-jankovits-engineering\/#primaryimage"},"thumbnailUrl":"https:\/\/www.jankovits.hu\/wp-content\/uploads\/2018\/12\/ad1613cb.jpg","articleSection":["News"],"inLanguage":"en-US"},{"@type":"WebPage","@id":"https:\/\/www.jankovits.hu\/en\/news\/new-production-hall-at-jankovits-engineering\/","url":"https:\/\/www.jankovits.hu\/en\/news\/new-production-hall-at-jankovits-engineering\/","name":"New production hall at Jankovits Engineering - Jankovits Engineering","isPartOf":{"@id":"https:\/\/www.jankovits.hu\/en\/#website"},"primaryImageOfPage":{"@id":"https:\/\/www.jankovits.hu\/en\/news\/new-production-hall-at-jankovits-engineering\/#primaryimage"},"image":{"@id":"https:\/\/www.jankovits.hu\/en\/news\/new-production-hall-at-jankovits-engineering\/#primaryimage"},"thumbnailUrl":"https:\/\/www.jankovits.hu\/wp-content\/uploads\/2018\/12\/ad1613cb.jpg","datePublished":"2018-11-29T11:17:29+00:00","dateModified":"2019-05-23T09:49:14+00:00","breadcrumb":{"@id":"https:\/\/www.jankovits.hu\/en\/news\/new-production-hall-at-jankovits-engineering\/#breadcrumb"},"inLanguage":"en-US","potentialAction":[{"@type":"ReadAction","target":["https:\/\/www.jankovits.hu\/en\/news\/new-production-hall-at-jankovits-engineering\/"]}]},{"@type":"ImageObject","inLanguage":"en-US","@id":"https:\/\/www.jankovits.hu\/en\/news\/new-production-hall-at-jankovits-engineering\/#primaryimage","url":"https:\/\/www.jankovits.hu\/wp-content\/uploads\/2018\/12\/ad1613cb.jpg","contentUrl":"https:\/\/www.jankovits.hu\/wp-content\/uploads\/2018\/12\/ad1613cb.jpg","width":800,"height":533},{"@type":"BreadcrumbList","@id":"https:\/\/www.jankovits.hu\/en\/news\/new-production-hall-at-jankovits-engineering\/#breadcrumb","itemListElement":[{"@type":"ListItem","position":1,"name":"F\u0151oldal","item":"https:\/\/www.jankovits.hu\/en\/"},{"@type":"ListItem","position":2,"name":"News","item":"https:\/\/www.jankovits.hu\/en\/news\/"},{"@type":"ListItem","position":3,"name":"New production hall at Jankovits Engineering"}]},{"@type":"WebSite","@id":"https:\/\/www.jankovits.hu\/en\/#website","url":"https:\/\/www.jankovits.hu\/en\/","name":"Jankovits Engineering","description":"...\u00e9s az \u00f6tlet m\u0171k\u00f6dik.","publisher":{"@id":"https:\/\/www.jankovits.hu\/en\/#organization"},"potentialAction":[{"@type":"SearchAction","target":{"@type":"EntryPoint","urlTemplate":"https:\/\/www.jankovits.hu\/en\/?s={search_term_string}"},"query-input":{"@type":"PropertyValueSpecification","valueRequired":true,"valueName":"search_term_string"}}],"inLanguage":"en-US"},{"@type":"Organization","@id":"https:\/\/www.jankovits.hu\/en\/#organization","name":"Jankovits Engineering Kft.","url":"https:\/\/www.jankovits.hu\/en\/","logo":{"@type":"ImageObject","inLanguage":"en-US","@id":"https:\/\/www.jankovits.hu\/en\/#\/schema\/logo\/image\/","url":"https:\/\/www.jankovits.hu\/wp-content\/uploads\/2017\/06\/70902612.jpg","contentUrl":"https:\/\/www.jankovits.hu\/wp-content\/uploads\/2017\/06\/70902612.jpg","width":640,"height":426,"caption":"Jankovits Engineering Kft."},"image":{"@id":"https:\/\/www.jankovits.hu\/en\/#\/schema\/logo\/image\/"},"sameAs":["https:\/\/www.facebook.com\/jankovitsengineering\/","https:\/\/www.linkedin.com\/company\/jankovitsengineering","https:\/\/www.youtube.com\/channel\/UCLlfwpLUTCnolx27lIAS7kQ\/videos"]},{"@type":"Person","@id":"https:\/\/www.jankovits.hu\/en\/#\/schema\/person\/4de82b39006144455afaf7e80a368f9b","name":"Bajai K\u00e1roly","image":{"@type":"ImageObject","inLanguage":"en-US","@id":"https:\/\/secure.gravatar.com\/avatar\/b5fab5885d2c2ea45ff975f919826e5168bb7e5cfc0d260e8011393cfb2848b6?s=96&d=mm&r=g","url":"https:\/\/secure.gravatar.com\/avatar\/b5fab5885d2c2ea45ff975f919826e5168bb7e5cfc0d260e8011393cfb2848b6?s=96&d=mm&r=g","contentUrl":"https:\/\/secure.gravatar.com\/avatar\/b5fab5885d2c2ea45ff975f919826e5168bb7e5cfc0d260e8011393cfb2848b6?s=96&d=mm&r=g","caption":"Bajai K\u00e1roly"},"description":"WordPress weboldalak fejleszt\u00e9s\u00e9vel foglalkozom. PSD-b\u0151l reszponz\u00edv WordPress sablon k\u00e9sz\u00edt\u00e9se, WooCommerce webshop fejleszt\u00e9se \u00e9s html5 bannerek k\u00e9sz\u00edt\u00e9se.","sameAs":["http:\/\/divid.hu"]}]}},"_links":{"self":[{"href":"https:\/\/www.jankovits.hu\/en\/wp-json\/wp\/v2\/posts\/1368","targetHints":{"allow":["GET"]}}],"collection":[{"href":"https:\/\/www.jankovits.hu\/en\/wp-json\/wp\/v2\/posts"}],"about":[{"href":"https:\/\/www.jankovits.hu\/en\/wp-json\/wp\/v2\/types\/post"}],"author":[{"embeddable":true,"href":"https:\/\/www.jankovits.hu\/en\/wp-json\/wp\/v2\/users\/1"}],"replies":[{"embeddable":true,"href":"https:\/\/www.jankovits.hu\/en\/wp-json\/wp\/v2\/comments?post=1368"}],"version-history":[{"count":0,"href":"https:\/\/www.jankovits.hu\/en\/wp-json\/wp\/v2\/posts\/1368\/revisions"}],"wp:featuredmedia":[{"embeddable":true,"href":"https:\/\/www.jankovits.hu\/en\/wp-json\/wp\/v2\/media\/1181"}],"wp:attachment":[{"href":"https:\/\/www.jankovits.hu\/en\/wp-json\/wp\/v2\/media?parent=1368"}],"wp:term":[{"taxonomy":"category","embeddable":true,"href":"https:\/\/www.jankovits.hu\/en\/wp-json\/wp\/v2\/categories?post=1368"},{"taxonomy":"post_tag","embeddable":true,"href":"https:\/\/www.jankovits.hu\/en\/wp-json\/wp\/v2\/tags?post=1368"}],"curies":[{"name":"wp","href":"https:\/\/api.w.org\/{rel}","templated":true}]}}